{"id":84423,"date":"2025-05-11T05:54:19","date_gmt":"2025-05-11T01:54:19","guid":{"rendered":"https:\/\/medialur.com\/la-liberation-de-claire\/"},"modified":"2025-05-11T05:54:19","modified_gmt":"2025-05-11T01:54:19","slug":"la-liberation-de-claire","status":"publish","type":"post","link":"https:\/\/medialur.com\/?p=84423","title":{"rendered":"La Lib\u00e9ration de Claire"},"content":{"rendered":"<p>Depuis son jeune \u00e2ge, Claire avait toujours cherch\u00e9 l&#8217;approbation des autres. Sa famille l&#8217;avait souvent, sans m\u00eame en avoir conscience, enferm\u00e9e dans des attentes qu&#8217;elle n&#8217;avait jamais vraiment remises en question. &#8220;Sois gentille, Claire.&#8221; &#8220;Ne fais pas de vagues, Claire.&#8221; Des phrases qui r\u00e9sonnaient dans sa t\u00eate, formant une cage invisible mais bien pr\u00e9sente.<\/p>\n<p>Dans sa maison familiale, l&#8217;air \u00e9tait souvent dense de non-dits. Son p\u00e8re, cordial mais autoritaire, savait imposer ses d\u00e9cisions sans discussion. Sa m\u00e8re, douce et r\u00e9sign\u00e9e, tenait Claire \u00e0 la marge des conflits, lui donnant l&#8217;impression d&#8217;une paix factice.<\/p>\n<p>\u00c0 28 ans, Claire partageait sa vie avec Maxime, un partenaire aimant mais quelque peu dominateur. &#8220;Je sais ce qui est mieux pour nous,&#8221; disait-il souvent, d\u00e9tournant des sujets o\u00f9 Claire voulait exprimer ses d\u00e9sirs.<\/p>\n<p>Ce dimanche-l\u00e0, Claire s&#8217;\u00e9tait lev\u00e9e plus t\u00f4t que d&#8217;habitude. La lumi\u00e8re douce du matin p\u00e9n\u00e9trait par les rideaux du salon, peignant la pi\u00e8ce d&#8217;une lueur chaude. Elle se pr\u00e9parait \u00e0 rejoindre ses parents pour un d\u00e9jeuner dominical, une tradition qu&#8217;elle n&#8217;avait jamais pens\u00e9 remettre en question.<\/p>\n<p>Assise \u00e0 table, entour\u00e9e de voix famili\u00e8res, Claire sentait un poids grandissant sur sa poitrine. Les rires autour d&#8217;elle semblaient lointains, comme si elle \u00e9tait spectatrice d&#8217;une sc\u00e8ne fig\u00e9e dans le temps. Les conversations tournaient autour de sujets banals : le travail, les vacances \u00e0 venir, la sant\u00e9 de chacun. Claire hochait la t\u00eate, souriait, mais \u00e0 l&#8217;int\u00e9rieur, un cri sourd montait.<\/p>\n<p>Plus tard dans l&#8217;apr\u00e8s-midi, alors qu&#8217;elle se retrouvait seule avec sa m\u00e8re dans la cuisine, Claire \u00e9coutait distraitement cette derni\u00e8re lui parler d&#8217;une cousine qui avait r\u00e9cemment d\u00e9m\u00e9nag\u00e9 \u00e0 l&#8217;\u00e9tranger. &#8220;Elle a toujours \u00e9t\u00e9 si audacieuse,&#8221; disait sa m\u00e8re avec une pointe d&#8217;admiration. Claire, les yeux fix\u00e9s sur sa tasse de th\u00e9 vide, sentait son esprit d\u00e9river vers des &#8220;et si&#8221; qu&#8217;elle avait trop longtemps ignor\u00e9s.<\/p>\n<p>De retour chez elle ce soir-l\u00e0, Maxime \u00e9tait d\u00e9j\u00e0 install\u00e9 dans le canap\u00e9, absorb\u00e9 par un match de football. &#8220;Alors, ta journ\u00e9e avec tes parents ?&#8221; demanda-t-il distraitement. Claire haussa les \u00e9paules, incapable de trouver les mots justes. Elle se sentait \u00e9touff\u00e9e par une vie qu&#8217;elle avait accept\u00e9e sans vraiment la choisir.<\/p>\n<p>Les jours suivants furent empreints d&#8217;une tension palpable. Claire commen\u00e7ait \u00e0 \u00e9viter les conversations, \u00e0 se perdre dans des pens\u00e9es ininterrompues sur ce qu&#8217;elle voulait r\u00e9ellement. Ces moments de solitude int\u00e9rieure lui r\u00e9v\u00e9laient des d\u00e9sirs qu&#8217;elle avait trop longtemps refoul\u00e9s.<\/p>\n<p>Un mercredi soir, alors qu&#8217;un orage grondait \u00e0 l&#8217;ext\u00e9rieur, Claire et Maxime d\u00eenaient en silence. Le bruit des gouttes de pluie martelant les fen\u00eatres soulignait le malaise ambiant. Maxime, visiblement irrit\u00e9 par ce silence inhabituel, l\u00e2cha finalement : &#8220;On dirait que tu as quelque chose \u00e0 dire, Claire. Qu&#8217;est-ce qui ne va pas ?&#8221;<\/p>\n<p>Elle leva les yeux vers lui, et pour la premi\u00e8re fois, elle sentit une force qui l&#8217;habita, une clart\u00e9 nouvelle. &#8220;Maxime, j&#8217;ai besoin de m&#8217;\u00e9couter moi-m\u00eame,&#8221; commen\u00e7a-t-elle, les mots coulant enfin de ses l\u00e8vres, &#8220;Il y a tellement de choses que je veux faire. Je veux explorer d&#8217;autres chemins, d\u00e9couvrir ce qui me rendrait heureuse.&#8221; Sa voix \u00e9tait calme mais d\u00e9termin\u00e9e.<\/p>\n<p>La discussion qui suivit fut un m\u00e9lange de d\u00e9ception, de col\u00e8re, mais aussi de compr\u00e9hension. Maxime, bien que surpris, finit par reconna\u00eetre qu&#8217;il avait souvent pris des d\u00e9cisions en supposant que c&#8217;\u00e9tait pour le bien de tous. &#8220;Je ne veux pas te perdre,&#8221; dit-il, un peu abattu, &#8220;mais je comprends que tu as besoin d&#8217;espace.&#8221;<\/p>\n<p>Ce soir-l\u00e0, apr\u00e8s que Maxime se soit retir\u00e9 dans une chambre d&#8217;amis, Claire s&#8217;assit \u00e0 son bureau, sortit un carnet qu&#8217;elle n&#8217;avait pas ouvert depuis des ann\u00e9es, et commen\u00e7a \u00e0 \u00e9crire. Ses pens\u00e9es, ses r\u00eaves, ses peurs. Chaque mot \u00e9tait une d\u00e9claration de son authenticit\u00e9 retrouv\u00e9e.<\/p>\n<p>Le lendemain matin, Claire se promena dans le parc voisin, les empreintes humides de la nuit encore visibles sur le sol. Elle respira profond\u00e9ment l&#8217;air frais et humide, sentant enfin une l\u00e9g\u00e8ret\u00e9 nouvelle. Elle se dirigea vers un banc en bois, s&#8217;assit, et laissa son regard se perdre dans l&#8217;horizon. Elle savait que le chemin serait long, mais elle n&#8217;avait jamais \u00e9t\u00e9 aussi pr\u00eate \u00e0 avancer.<\/p>\n<p>Le geste \u00e9tait petit, mais pour elle, il signifiait tout : elle avait pris une journ\u00e9e de cong\u00e9 sans en parler \u00e0 personne. Une journ\u00e9e juste pour elle, pour se retrouver, pour r\u00eaver \u00e0 nouveau.<\/p>\n","protected":false},"excerpt":{"rendered":"<p>Depuis son jeune \u00e2ge, Claire avait toujours cherch\u00e9 l&#8217;approbation des autres. Sa famille l&#8217;avait souvent, sans m\u00eame en avoir conscience, enferm\u00e9e dans des attentes qu&#8217;elle n&#8217;avait jamais vraiment remises en question. &#8220;Sois gentille, Claire.&#8221; &#8220;Ne fais pas de vagues, Claire.&#8221; Des phrases qui r\u00e9sonnaient dans sa t\u00eate, formant une cage invisible mais bien pr\u00e9sente. Dans &#8230; <a title=\"La Lib\u00e9ration de Claire\" class=\"read-more\" href=\"https:\/\/medialur.com\/?p=84423\" aria-label=\"Read more about La Lib\u00e9ration de Claire\">Read more<\/a><\/p>\n","protected":false},"author":10,"featured_media":84424,"comment_status":"","ping_status":"","sticky":false,"template":"","format":"standard","meta":{"footnotes":""},"categories":[1],"tags":[],"class_list":["post-84423","post","type-post","status-publish","format-standard","has-post-thumbnail","hentry","category-uncategorized"],"views":218,"_links":{"self":[{"href":"https:\/\/medialur.com\/index.php?rest_route=\/wp\/v2\/posts\/84423","targetHints":{"allow":["GET"]}}],"collection":[{"href":"https:\/\/medialur.com\/index.php?rest_route=\/wp\/v2\/posts"}],"about":[{"href":"https:\/\/medialur.com\/index.php?rest_route=\/wp\/v2\/types\/post"}],"author":[{"embeddable":true,"href":"https:\/\/medialur.com\/index.php?rest_route=\/wp\/v2\/users\/10"}],"replies":[{"embeddable":true,"href":"https:\/\/medialur.com\/index.php?rest_route=%2Fwp%2Fv2%2Fcomments&post=84423"}],"version-history":[{"count":0,"href":"https:\/\/medialur.com\/index.php?rest_route=\/wp\/v2\/posts\/84423\/revisions"}],"wp:featuredmedia":[{"embeddable":true,"href":"https:\/\/medialur.com\/index.php?rest_route=\/wp\/v2\/media\/84424"}],"wp:attachment":[{"href":"https:\/\/medialur.com\/index.php?rest_route=%2Fwp%2Fv2%2Fmedia&parent=84423"}],"wp:term":[{"taxonomy":"category","embeddable":true,"href":"https:\/\/medialur.com\/index.php?rest_route=%2Fwp%2Fv2%2Fcategories&post=84423"},{"taxonomy":"post_tag","embeddable":true,"href":"https:\/\/medialur.com\/index.php?rest_route=%2Fwp%2Fv2%2Ftags&post=84423"}],"curies":[{"name":"wp","href":"https:\/\/api.w.org\/{rel}","templated":true}]}}