{"id":84407,"date":"2025-05-11T04:17:41","date_gmt":"2025-05-11T00:17:41","guid":{"rendered":"https:\/\/medialur.com\/leveil-de-clara-3\/"},"modified":"2025-05-11T04:17:41","modified_gmt":"2025-05-11T00:17:41","slug":"leveil-de-clara-3","status":"publish","type":"post","link":"https:\/\/medialur.com\/?p=84407","title":{"rendered":"L&#8217;\u00e9veil de Clara"},"content":{"rendered":"<p>Clara soupira en regardant par la fen\u00eatre de la cuisine, o\u00f9 le jardin s&#8217;\u00e9tendait sous un ciel gris et mena\u00e7ant de pluie. Les roses rouge vif, que sa m\u00e8re avait plant\u00e9es des ann\u00e9es auparavant, se balan\u00e7aient doucement au gr\u00e9 du vent. C&#8217;\u00e9tait un jardin soigneusement entretenu, un peu comme sa vie d&#8217;ailleurs : tout \u00e9tait \u00e0 sa place, mais rien ne semblait vraiment lui appartenir.<\/p>\n<p>Depuis son mariage avec Thomas, Clara avait peu \u00e0 peu laiss\u00e9 ses r\u00eaves et aspirations se fondre dans le confort d&#8217;une routine tranquille, mais monotone. Thomas n&#8217;\u00e9tait ni cruel ni injuste, il \u00e9tait simplement&#8230; l\u00e0, imposant ses choix \u00e0 travers des gestes presque imperceptibles mais constants. Les vacances \u00e9taient toujours d\u00e9cid\u00e9es par sa pr\u00e9f\u00e9rence pour les montagnes, les repas planifi\u00e9s en fonction de son r\u00e9gime alimentaire, et les week-ends organis\u00e9s autour de ses activit\u00e9s sportives.<\/p>\n<p>Pendant des ann\u00e9es, elle avait confondu cette vie avec le bonheur. C&#8217;\u00e9tait pratique, somme toute. Clara avait laiss\u00e9 sa voix s&#8217;endormir, effa\u00e7ant peu \u00e0 peu les contours de sa personnalit\u00e9 sous le vernis d&#8217;une existence sans \u00e9clat.<\/p>\n<p>Un matin, alors qu&#8217;elle taillait quelques roses pour en faire un bouquet, son t\u00e9l\u00e9phone vibra. C&#8217;\u00e9tait un message de sa s\u0153ur, Anne. &#8220;Je suis en ville, retrouvons-nous pour un caf\u00e9. J&#8217;ai vraiment besoin de te parler.&#8221;<\/p>\n<p>Assise \u00e0 la terrasse d&#8217;un petit caf\u00e9, Clara attendait Anne. L&#8217;air frais du matin lui piquait le visage. Elle observa les passants, se demandant bri\u00e8vement comment leur vie pouvait bien se d\u00e9rouler. Anne arriva enfin, sa pr\u00e9sence pleine d&#8217;\u00e9nergie contrastant avec l&#8217;\u00e9tat d&#8217;esprit r\u00e9sign\u00e9 de Clara.<\/p>\n<p>&#8220;Clara,&#8221; Anne s&#8217;exclama en l&#8217;enla\u00e7ant. &#8220;Je suis tellement contente de te voir.&#8221;<\/p>\n<p>Clara sourit machinalement. &#8220;Moi aussi. Alors, qu&#8217;est-ce qui se passe ?&#8221;<\/p>\n<p>Anne commen\u00e7a \u00e0 parler de sa propre vie \u2014 des choix difficiles qu&#8217;elle avait r\u00e9cemment faits, de la libert\u00e9 d&#8217;explorer ses propres d\u00e9sirs et passions. Elle semblait si anim\u00e9e que Clara se surprit \u00e0 ressentir une pointe de jalousie. Puis Anne posa la question qui fit vaciller le monde soigneusement construit de Clara.<\/p>\n<p>&#8220;Et toi, Clara ? Tu es heureuse ?&#8221;<\/p>\n<p>Clara resta silencieuse un instant, cherchant d\u00e9sesp\u00e9r\u00e9ment la r\u00e9ponse. &#8220;Je\u2026 je suppose, oui.&#8221;<\/p>\n<p>Anne la fixa avec insistance. &#8220;Mais vraiment ? Quand as-tu fait quelque chose juste pour toi, sans te soucier de ce que pensait Thomas ?&#8221;<\/p>\n<p>Clara ne sut que r\u00e9pondre. Les jours suivants, cette question continua de r\u00e9sonner dans son esprit comme un \u00e9cho persistant. Thomas, comme \u00e0 son habitude, parlait de leurs projets du week-end, ignorant les signes de trouble int\u00e9rieur qui se manifestaient sur le visage de Clara.<\/p>\n<p>Un apr\u00e8s-midi pluvieux, alors qu&#8217;elle rangeait les courses, Clara s&#8217;arr\u00eata soudainement. Elle se rendit compte qu&#8217;elle n&#8217;avait pas achet\u00e9 ces biscuits \u00e0 la figue qu&#8217;elle aimait tant, tout simplement parce que Thomas n&#8217;en \u00e9tait pas fan. Ce petit d\u00e9tail en apparence insignifiant fut la goutte d&#8217;eau.<\/p>\n<p>Elle sentit une force nouvelle s&#8217;emparer d&#8217;elle. Elle attrapa son parapluie et sortit. Marchant d&#8217;un pas d\u00e9cid\u00e9 sous la pluie, Clara se dirigea vers la boulangerie. Elle entra dans la chaleur r\u00e9confortante de la boutique, acheta une bo\u00eete enti\u00e8re de ses biscuits pr\u00e9f\u00e9r\u00e9s, puis s&#8217;arr\u00eata dans un parc voisin.<\/p>\n<p>Assise sur un banc, elle ouvrit la bo\u00eete et savoura chaque bouch\u00e9e. C&#8217;\u00e9tait doux, l\u00e9g\u00e8rement acide, et incroyablement satisfaisant. Pour la premi\u00e8re fois depuis longtemps, elle se sentait vivante, consciente de chaque sensation, chaque pens\u00e9e. C\u2019\u00e9tait comme si elle r\u00e9veillait un c\u00f4t\u00e9 d\u2019elle-m\u00eame qu&#8217;elle avait longtemps oubli\u00e9.<\/p>\n<p>Clara retourna chez elle ce jour-l\u00e0, le c\u0153ur all\u00e9g\u00e9. Elle savait que ce petit acte d&#8217;affirmation de soi n&#8217;\u00e9tait que le d\u00e9but. Elle commencerait \u00e0 dire &#8220;non&#8221; \u00e0 des choses qu&#8217;elle n&#8217;aimait pas, \u00e0 exprimer ses opinions, m\u00eame si c&#8217;\u00e9tait inconfortable. Elle n&#8217;avait pas encore toutes les r\u00e9ponses, mais elle avait fait un premier pas.<\/p>\n<p>Ce soir-l\u00e0, lorsqu&#8217;elle servit le d\u00eener, elle ajouta une assiette de biscuits \u00e0 la figue pour le dessert. Thomas fron\u00e7a les sourcils en les voyant mais ne dit rien. Clara, pour sa part, lui sourit et mordit dans l&#8217;un d&#8217;eux avec un plaisir \u00e9vident, savourant non seulement le go\u00fbt mais aussi la sensation de se retrouver enfin.<\/p>\n","protected":false},"excerpt":{"rendered":"<p>Clara soupira en regardant par la fen\u00eatre de la cuisine, o\u00f9 le jardin s&#8217;\u00e9tendait sous un ciel gris et mena\u00e7ant de pluie. Les roses rouge vif, que sa m\u00e8re avait plant\u00e9es des ann\u00e9es auparavant, se balan\u00e7aient doucement au gr\u00e9 du vent. C&#8217;\u00e9tait un jardin soigneusement entretenu, un peu comme sa vie d&#8217;ailleurs : tout \u00e9tait &#8230; <a title=\"L&#8217;\u00e9veil de Clara\" class=\"read-more\" href=\"https:\/\/medialur.com\/?p=84407\" aria-label=\"Read more about L&#8217;\u00e9veil de Clara\">Read more<\/a><\/p>\n","protected":false},"author":12,"featured_media":84408,"comment_status":"","ping_status":"","sticky":false,"template":"","format":"standard","meta":{"footnotes":""},"categories":[1],"tags":[],"class_list":["post-84407","post","type-post","status-publish","format-standard","has-post-thumbnail","hentry","category-uncategorized"],"views":171,"_links":{"self":[{"href":"https:\/\/medialur.com\/index.php?rest_route=\/wp\/v2\/posts\/84407","targetHints":{"allow":["GET"]}}],"collection":[{"href":"https:\/\/medialur.com\/index.php?rest_route=\/wp\/v2\/posts"}],"about":[{"href":"https:\/\/medialur.com\/index.php?rest_route=\/wp\/v2\/types\/post"}],"author":[{"embeddable":true,"href":"https:\/\/medialur.com\/index.php?rest_route=\/wp\/v2\/users\/12"}],"replies":[{"embeddable":true,"href":"https:\/\/medialur.com\/index.php?rest_route=%2Fwp%2Fv2%2Fcomments&post=84407"}],"version-history":[{"count":0,"href":"https:\/\/medialur.com\/index.php?rest_route=\/wp\/v2\/posts\/84407\/revisions"}],"wp:featuredmedia":[{"embeddable":true,"href":"https:\/\/medialur.com\/index.php?rest_route=\/wp\/v2\/media\/84408"}],"wp:attachment":[{"href":"https:\/\/medialur.com\/index.php?rest_route=%2Fwp%2Fv2%2Fmedia&parent=84407"}],"wp:term":[{"taxonomy":"category","embeddable":true,"href":"https:\/\/medialur.com\/index.php?rest_route=%2Fwp%2Fv2%2Fcategories&post=84407"},{"taxonomy":"post_tag","embeddable":true,"href":"https:\/\/medialur.com\/index.php?rest_route=%2Fwp%2Fv2%2Ftags&post=84407"}],"curies":[{"name":"wp","href":"https:\/\/api.w.org\/{rel}","templated":true}]}}