{"id":84281,"date":"2025-05-10T16:59:02","date_gmt":"2025-05-10T12:59:02","guid":{"rendered":"https:\/\/medialur.com\/la-verite-sous-le-parapluie\/"},"modified":"2025-05-10T16:59:02","modified_gmt":"2025-05-10T12:59:02","slug":"la-verite-sous-le-parapluie","status":"publish","type":"post","link":"https:\/\/medialur.com\/?p=84281","title":{"rendered":"La V\u00e9rit\u00e9 sous le Parapluie"},"content":{"rendered":"<p>Chers amis, aujourd&#8217;hui je ressens le besoin de partager quelque chose de profond. Pendant des ann\u00e9es, j&#8217;ai port\u00e9 un secret qui me d\u00e9vorait de l&#8217;int\u00e9rieur. C&#8217;\u00e9tait comme une ombre qui me suivait partout, une sensation de vide qui se cachait derri\u00e8re chaque sourire que je partageais. Laissez-moi vous raconter comment un simple parapluie a chang\u00e9 ma vie.<\/p>\n<p>Il y a quelques semaines, alors que je faisais du rangement dans le grenier de mes parents, je suis tomb\u00e9 sur une bo\u00eete de vieilles affaires. Je l&#8217;ai ouverte, m&#8217;attendant \u00e0 ce qu&#8217;elle contienne des objets de peu d&#8217;importance : des jouets de mon enfance, quelques babioles. Mais ce que j&#8217;y ai trouv\u00e9 m&#8217;a pris par surprise. Au milieu des vieilles peluches et des bandes dessin\u00e9es poussi\u00e9reuses, il y avait un parapluie. Pas n&#8217;importe quel parapluie, celui-l\u00e0 \u00e9tait bleu avec des pois blancs, celui que ma m\u00e8re utilisait souvent.<\/p>\n<p>Je ne l&#8217;avais pas vu depuis qu&#8217;elle \u00e9tait partie, depuis qu&#8217;elle nous avait quitt\u00e9s il y a pr\u00e8s de dix ans. Voir cet objet, si commun et pourtant si plein de souvenirs, a r\u00e9veill\u00e9 quelque chose en moi. Je me suis rappel\u00e9 les jours de pluie o\u00f9 elle venait me chercher \u00e0 l&#8217;\u00e9cole. J&#8217;\u00e9tais toujours impatient de voir ce parapluie \u00e0 travers la fen\u00eatre, signe qu&#8217;elle \u00e9tait l\u00e0, toujours l\u00e0 pour moi. Mais en tenant cet objet, une question a surgi que j&#8217;avais toujours \u00e9vit\u00e9e : pourquoi ce sentiment d&#8217;absence malgr\u00e9 ces souvenirs ?<\/p>\n<p>Ce jour-l\u00e0, comme dans un r\u00eave, je me suis assis avec le parapluie, m&#8217;impr\u00e9gnant de ses souvenirs. Ce fut un d\u00e9clencheur, je me suis mis \u00e0 \u00e9crire, \u00e0 r\u00e9organiser les bribes \u00e9parses de ma m\u00e9moire. L&#8217;apr\u00e8s-midi passa en un clin d&#8217;\u0153il, et avec elle vint une lucidit\u00e9 nouvelle. J&#8217;ai compris que ce parapluie \u00e9tait plus qu&#8217;un simple objet. C&#8217;\u00e9tait un symbole de la protection que je n&#8217;avais pas su reconna\u00eetre, de l&#8217;amour que j&#8217;avais pris pour acquis.<\/p>\n<p>J&#8217;ai alors appel\u00e9 mon p\u00e8re, quelque chose que je n&#8217;avais pas fait depuis longtemps. &#8220;Papa, j&#8217;ai trouv\u00e9 le vieux parapluie de maman,&#8221; ai-je dit, ma voix tremblante. De l&#8217;autre c\u00f4t\u00e9 du fil, il y a eu un silence, puis un soupir lourd de chagrin et de nostalgie. &#8220;Elle te manque, n&#8217;est-ce pas ?&#8221; a-t-il r\u00e9pondu, et c&#8217;\u00e9tait comme si une digue s&#8217;\u00e9tait rompue en moi.<\/p>\n<p>Nous avons parl\u00e9 longtemps ce soir-l\u00e0, partag\u00e9s entre rires et larmes. Et \u00e0 travers cette conversation, j&#8217;ai d\u00e9couvert un autre aspect de ma m\u00e8re, des histoires que je n&#8217;avais jamais entendues, des souvenirs que j&#8217;avais oubli\u00e9s. J&#8217;ai compris que l&#8217;absence que je ressentais n&#8217;\u00e9tait pas un vide, mais un espace rempli de son amour que je devais simplement r\u00e9apprendre \u00e0 voir et \u00e0 appr\u00e9cier.<\/p>\n<p>Avec chaque mot partag\u00e9, j&#8217;ai senti une partie de moi se reconnecter. Non pas que cette blessure soit compl\u00e8tement gu\u00e9rie, mais elle \u00e9tait maintenant bord\u00e9e de compr\u00e9hension et de gratitude pour les moments que nous avions partag\u00e9s. Ce parapluie, autrefois oubli\u00e9, \u00e9tait devenu le lien entre le pass\u00e9 et mon pr\u00e9sent.<\/p>\n<p>Aujourd&#8217;hui, je partage cette histoire parce que je me rends compte que nous portons tous des parapluies, des souvenirs qui semblent insignifiants mais qui cachent des v\u00e9rit\u00e9s profondes. Nous devons parfois nous perdre dans le grenier de notre vie pour retrouver le chemin vers nous-m\u00eames.<\/p>\n<p>Alors, si vous avez une bo\u00eete de vieilles affaires, oseriez-vous l&#8217;ouvrir ? Que trouveriez-vous ? Moi, j&#8217;ai trouv\u00e9 la v\u00e9rit\u00e9 sous un parapluie.<\/p>\n","protected":false},"excerpt":{"rendered":"<p>Chers amis, aujourd&#8217;hui je ressens le besoin de partager quelque chose de profond. Pendant des ann\u00e9es, j&#8217;ai port\u00e9 un secret qui me d\u00e9vorait de l&#8217;int\u00e9rieur. C&#8217;\u00e9tait comme une ombre qui me suivait partout, une sensation de vide qui se cachait derri\u00e8re chaque sourire que je partageais. Laissez-moi vous raconter comment un simple parapluie a chang\u00e9 &#8230; <a title=\"La V\u00e9rit\u00e9 sous le Parapluie\" class=\"read-more\" href=\"https:\/\/medialur.com\/?p=84281\" aria-label=\"Read more about La V\u00e9rit\u00e9 sous le Parapluie\">Read more<\/a><\/p>\n","protected":false},"author":15,"featured_media":84282,"comment_status":"","ping_status":"","sticky":false,"template":"","format":"standard","meta":{"footnotes":""},"categories":[1],"tags":[],"class_list":["post-84281","post","type-post","status-publish","format-standard","has-post-thumbnail","hentry","category-uncategorized"],"views":117,"_links":{"self":[{"href":"https:\/\/medialur.com\/index.php?rest_route=\/wp\/v2\/posts\/84281","targetHints":{"allow":["GET"]}}],"collection":[{"href":"https:\/\/medialur.com\/index.php?rest_route=\/wp\/v2\/posts"}],"about":[{"href":"https:\/\/medialur.com\/index.php?rest_route=\/wp\/v2\/types\/post"}],"author":[{"embeddable":true,"href":"https:\/\/medialur.com\/index.php?rest_route=\/wp\/v2\/users\/15"}],"replies":[{"embeddable":true,"href":"https:\/\/medialur.com\/index.php?rest_route=%2Fwp%2Fv2%2Fcomments&post=84281"}],"version-history":[{"count":0,"href":"https:\/\/medialur.com\/index.php?rest_route=\/wp\/v2\/posts\/84281\/revisions"}],"wp:featuredmedia":[{"embeddable":true,"href":"https:\/\/medialur.com\/index.php?rest_route=\/wp\/v2\/media\/84282"}],"wp:attachment":[{"href":"https:\/\/medialur.com\/index.php?rest_route=%2Fwp%2Fv2%2Fmedia&parent=84281"}],"wp:term":[{"taxonomy":"category","embeddable":true,"href":"https:\/\/medialur.com\/index.php?rest_route=%2Fwp%2Fv2%2Fcategories&post=84281"},{"taxonomy":"post_tag","embeddable":true,"href":"https:\/\/medialur.com\/index.php?rest_route=%2Fwp%2Fv2%2Ftags&post=84281"}],"curies":[{"name":"wp","href":"https:\/\/api.w.org\/{rel}","templated":true}]}}