{"id":84275,"date":"2025-05-10T16:28:26","date_gmt":"2025-05-10T12:28:26","guid":{"rendered":"https:\/\/medialur.com\/les-racines-invisibles\/"},"modified":"2025-05-10T16:28:26","modified_gmt":"2025-05-10T12:28:26","slug":"les-racines-invisibles","status":"publish","type":"post","link":"https:\/\/medialur.com\/?p=84275","title":{"rendered":"Les racines invisibles"},"content":{"rendered":"<p>C&#8217;est \u00e9trange comme un objet apparemment insignifiant peut bouleverser tout un univers int\u00e9rieur. Voici mon histoire, une confession que je n&#8217;ai jamais partag\u00e9e auparavant et qui me hante depuis des ann\u00e9es.<\/p>\n<p>Il y a quelques semaines, en triant les affaires de ma m\u00e8re apr\u00e8s son d\u00e9c\u00e8s, j&#8217;ai trouv\u00e9 un vieux carnet, son journal intime. Ses pages \u00e9taient jaunies, remplies d&#8217;une \u00e9criture fine et serr\u00e9e. Je l&#8217;avais presque ignor\u00e9, pensant que sa lecture serait une intrusion dans sa vie priv\u00e9e. Mais une curiosit\u00e9 poignante m&#8217;a convaincu du contraire. Je ne savais pas alors que ce petit carnet renfermait le secret de mon existence.<\/p>\n<p>En parcourant ses mots, je suis tomb\u00e9 sur une date marqu\u00e9e par une \u00e9motion inhabituelle. &#8220;Aujourd&#8217;hui, j&#8217;ai regard\u00e9 mon fils, et j&#8217;ai vu l&#8217;homme qu&#8217;il deviendra un jour. Mon c\u0153ur est partag\u00e9 entre l&#8217;amour et la peur de la v\u00e9rit\u00e9 qu&#8217;il ignore.&#8221; Ces mots ont br\u00fbl\u00e9 dans mon esprit. Ignorer quelle v\u00e9rit\u00e9? J&#8217;ai senti mon c\u0153ur s&#8217;acc\u00e9l\u00e9rer, mes mains trembler, alors que je tournais fr\u00e9n\u00e9tiquement les pages pour en savoir plus.<\/p>\n<p>Et puis, je l&#8217;ai trouv\u00e9e, la confession que je n&#8217;avais jamais anticip\u00e9e : &#8220;Il n&#8217;est pas issu de l&#8217;homme que j&#8217;aime, mais de celui que j&#8217;ai fui.&#8221; J&#8217;ai d\u00fb relire cette phrase plusieurs fois, esp\u00e9rant qu&#8217;une magie inverse les mots ou change leur sens. Mais la r\u00e9alit\u00e9 s&#8217;imposait, cruelle et claire.<\/p>\n<p>J&#8217;ai toujours cru que mon p\u00e8re, l&#8217;homme qui m&#8217;a \u00e9lev\u00e9 avec amour, \u00e9tait mon v\u00e9ritable p\u00e8re biologique. L&#8217;id\u00e9e qu&#8217;il ne l&#8217;\u00e9tait pas me semblait impensable. Et pourtant, ma propre m\u00e8re me l&#8217;avait cach\u00e9. J&#8217;ai ressenti \u00e0 la fois une douleur aig\u00fce et un \u00e9trange soulagement. La douleur de la trahison, et le soulagement de comprendre enfin pourquoi je n&#8217;avais jamais compl\u00e8tement trouv\u00e9 ma place dans ma propre famille.<\/p>\n<p>Quelques jours avant de lire ce journal, je me souviens d&#8217;une conversation anodine avec ma m\u00e8re. Elle parlait souvent d&#8217;un amour de jeunesse, de cet homme qu&#8217;elle avait d\u00fb quitter pour des raisons qu&#8217;elle refusait de d\u00e9tailler. &#8220;Il \u00e9tait trop intense, trop diff\u00e9rent,&#8221; disait-elle souvent. Je comprends maintenant que c&#8217;\u00e9tait un euph\u00e9misme pour cacher une v\u00e9rit\u00e9 plus complexe.<\/p>\n<p>Le soir m\u00eame, j&#8217;ai regard\u00e9 des photos de ma jeunesse, des moments captur\u00e9s dans le temps, et j&#8217;ai remarqu\u00e9 pour la premi\u00e8re fois ce que tous semblaient avoir vu sauf moi. Une ressemblance subtile mais ind\u00e9niable avec cet homme inconnu, dont les traits co\u00efncidaient avec certains de mes propres traits.<\/p>\n<p>J&#8217;ai longuement h\u00e9sit\u00e9 \u00e0 en parler, mais finalement j&#8217;ai pris mon courage \u00e0 deux mains. Je suis all\u00e9 voir mon p\u00e8re, l&#8217;homme qui m&#8217;a \u00e9lev\u00e9, et je lui ai montr\u00e9 le journal. &#8220;Je savais,&#8221; a-t-il dit apr\u00e8s un long silence. Ses mots n&#8217;\u00e9taient pas une accusation, mais une affirmation tranquille. &#8220;Je savais, et j&#8217;ai choisi de t&#8217;aimer comme mon fils.&#8221;<\/p>\n<p>Ces paroles \u00e9taient la cl\u00e9 qui a fait sauter le verrou de mon c\u0153ur. La douleur de la d\u00e9couverte se transformait lentement en un sentiment de gratitude et d&#8217;amour renouvel\u00e9. Mon p\u00e8re, celui qui avait choisi de m&#8217;accepter pleinement, m&#8217;a donn\u00e9 une le\u00e7on de ce que signifie vraiment \u00eatre un parent.<\/p>\n<p>Apr\u00e8s cette conversation, j&#8217;ai ressenti un besoin profond de comprendre davantage cet homme inconnu, mon p\u00e8re biologique. Mais surtout, j&#8217;ai compris que les liens du c\u0153ur peuvent \u00eatre plus forts que ceux du sang. Mes racines sont invisibles, mais profond\u00e9ment ancr\u00e9es dans l&#8217;amour que j&#8217;ai re\u00e7u.<\/p>\n<p>Aujourd&#8217;hui, je partage cette confession non pas par n\u00e9cessit\u00e9, mais par d\u00e9sir de tourner la page. La v\u00e9rit\u00e9, bien qu&#8217;am\u00e8re, m&#8217;a lib\u00e9r\u00e9 d&#8217;un poids dont j&#8217;ignorais le poids. Je laisse enfin l&#8217;amour pur et simple guider mes pas vers un avenir o\u00f9 je suis pleinement moi-m\u00eame.<\/p>\n","protected":false},"excerpt":{"rendered":"<p>C&#8217;est \u00e9trange comme un objet apparemment insignifiant peut bouleverser tout un univers int\u00e9rieur. Voici mon histoire, une confession que je n&#8217;ai jamais partag\u00e9e auparavant et qui me hante depuis des ann\u00e9es. Il y a quelques semaines, en triant les affaires de ma m\u00e8re apr\u00e8s son d\u00e9c\u00e8s, j&#8217;ai trouv\u00e9 un vieux carnet, son journal intime. Ses &#8230; <a title=\"Les racines invisibles\" class=\"read-more\" href=\"https:\/\/medialur.com\/?p=84275\" aria-label=\"Read more about Les racines invisibles\">Read more<\/a><\/p>\n","protected":false},"author":15,"featured_media":84276,"comment_status":"","ping_status":"","sticky":false,"template":"","format":"standard","meta":{"footnotes":""},"categories":[1],"tags":[],"class_list":["post-84275","post","type-post","status-publish","format-standard","has-post-thumbnail","hentry","category-uncategorized"],"views":188,"_links":{"self":[{"href":"https:\/\/medialur.com\/index.php?rest_route=\/wp\/v2\/posts\/84275","targetHints":{"allow":["GET"]}}],"collection":[{"href":"https:\/\/medialur.com\/index.php?rest_route=\/wp\/v2\/posts"}],"about":[{"href":"https:\/\/medialur.com\/index.php?rest_route=\/wp\/v2\/types\/post"}],"author":[{"embeddable":true,"href":"https:\/\/medialur.com\/index.php?rest_route=\/wp\/v2\/users\/15"}],"replies":[{"embeddable":true,"href":"https:\/\/medialur.com\/index.php?rest_route=%2Fwp%2Fv2%2Fcomments&post=84275"}],"version-history":[{"count":0,"href":"https:\/\/medialur.com\/index.php?rest_route=\/wp\/v2\/posts\/84275\/revisions"}],"wp:featuredmedia":[{"embeddable":true,"href":"https:\/\/medialur.com\/index.php?rest_route=\/wp\/v2\/media\/84276"}],"wp:attachment":[{"href":"https:\/\/medialur.com\/index.php?rest_route=%2Fwp%2Fv2%2Fmedia&parent=84275"}],"wp:term":[{"taxonomy":"category","embeddable":true,"href":"https:\/\/medialur.com\/index.php?rest_route=%2Fwp%2Fv2%2Fcategories&post=84275"},{"taxonomy":"post_tag","embeddable":true,"href":"https:\/\/medialur.com\/index.php?rest_route=%2Fwp%2Fv2%2Ftags&post=84275"}],"curies":[{"name":"wp","href":"https:\/\/api.w.org\/{rel}","templated":true}]}}