{"id":84249,"date":"2025-05-10T14:18:43","date_gmt":"2025-05-10T10:18:43","guid":{"rendered":"https:\/\/medialur.com\/les-echos-du-papier-jauni\/"},"modified":"2025-05-10T14:18:43","modified_gmt":"2025-05-10T10:18:43","slug":"les-echos-du-papier-jauni","status":"publish","type":"post","link":"https:\/\/medialur.com\/?p=84249","title":{"rendered":"Les \u00c9chos du Papier Jauni"},"content":{"rendered":"<p>Salut tout le monde,<\/p>\n<p>C&#8217;est avec beaucoup d&#8217;h\u00e9sitation que je me lance dans cet exercice aujourd&#8217;hui. Je me suis jur\u00e9 de ne jamais laisser mes \u00e9motions s&#8217;\u00e9taler en public, mais parfois, il faut oser pour ne pas imploser. Voil\u00e0, je vais vous raconter une histoire, celle de la d\u00e9couverte d\u2019une v\u00e9rit\u00e9 qui a chang\u00e9 ma vie.<\/p>\n<p>Il y a quelques mois, alors que je fouillais dans le grenier de la maison de mon p\u00e8re apr\u00e8s son d\u00e9c\u00e8s, parmi des bo\u00eetes de vieilles photos et des souvenirs d\u2019un temps pass\u00e9, j&#8217;ai trouv\u00e9 un carnet de notes \u00e0 la couverture en cuir, jauni par le temps et la poussi\u00e8re. C&#8217;\u00e9tait un petit objet que personne n&#8217;aurait remarqu\u00e9, cach\u00e9 sous des piles de vieilleries sans importance.<\/p>\n<p>Je me suis assis sur une vieille malle en bois, avec le carnet en main, h\u00e9sitant \u00e0 ouvrir un chapitre de vie qui n&#8217;\u00e9tait peut-\u00eatre pas le mien. Mais la curiosit\u00e9 m\u2019a piqu\u00e9 \u2013 ou \u00e9tait-ce une voix int\u00e9rieure \u2013 et mes doigts ont effleur\u00e9 la premi\u00e8re page. Les mots qui y \u00e9taient inscrits ont fait d\u00e9border un flot d\u2019\u00e9motions que je ne savais m\u00eame pas exister en moi. Il s\u2019agissait d\u2019un journal intime, les pens\u00e9es de mon p\u00e8re, griffonn\u00e9es en secret.<\/p>\n<p>Ce qui m\u2019a le plus frapp\u00e9, c\u2019\u00e9tait la premi\u00e8re entr\u00e9e, \u00e9crite d\u2019une main tremblante : \u00ab Aujourd&#8217;hui, je suis devenu p\u00e8re. Je suis terrifi\u00e9 de ne pas \u00eatre \u00e0 la hauteur, de ne pas savoir comment aimer cet enfant qui vient de na\u00eetre. \u00bb<\/p>\n<p>Je me souviens \u00eatre rest\u00e9 fig\u00e9, le c\u0153ur serr\u00e9. Je n&#8217;avais jamais imagin\u00e9 mon p\u00e8re comme un homme en proie au doute. Pour moi, il avait toujours \u00e9t\u00e9 ce roc indestructible, cette figure distante mais forte. Et l\u00e0, c&#8217;\u00e9tait comme si un voile se d\u00e9chirait lentement, d\u00e9voilant une vuln\u00e9rabilit\u00e9 que je ne lui connaissais pas.<\/p>\n<p>Les jours qui ont suivi, je me suis plong\u00e9 dans ces pages, avide de conna\u00eetre cet homme \u00e0 travers ses propres mots. J&#8217;ai d\u00e9couvert un \u00eatre empli de dilemmes, de peurs, mais aussi d\u2019un amour infini qu\u2019il n\u2019avait jamais su exprimer. Chaque ligne \u00e9tait une confession silencieuse, un dialogue intime qu\u2019il avait eu avec lui-m\u00eame, mais qui r\u00e9sonnait en moi comme un appel.<\/p>\n<p>Une autre entr\u00e9e, \u00e9crite des ann\u00e9es plus tard, a illumin\u00e9 des souvenirs d\u2019enfance que je n&#8217;avais jamais compris. \u00ab Mon fils a plong\u00e9 dans la mer aujourd\u2019hui, il avait l\u2019air si libre, mais je n&#8217;ai pas pu m\u2019emp\u00eacher de l&#8217;imaginer se noyant. Je me suis retenu de le tirer en s\u00e9curit\u00e9, de peur que cela ne le brise. \u00bb<\/p>\n<p>En lisant ces mots, j&#8217;ai enfin compris pourquoi mon p\u00e8re \u00e9tait toujours si distant \u00e0 la plage, pourquoi il restait debout, tendu, les bras crois\u00e9s, comme s&#8217;il luttait contre une temp\u00eate int\u00e9rieure. Il n\u2019\u00e9tait pas indiff\u00e9rent ; il \u00e9tait, au contraire, submerg\u00e9 par un amour si fort qu\u2019il en devenait incapable de l\u2019exprimer autrement que par un silence protecteur.<\/p>\n<p>Ce carnet m\u2019a permis de voir mon p\u00e8re sous un jour nouveau. Il m\u2019a offert la v\u00e9rit\u00e9 de son humanit\u00e9 ; une v\u00e9rit\u00e9 que j\u2019avais ignor\u00e9e, peut-\u00eatre parce que je n\u2019avais jamais cherch\u00e9 \u00e0 la voir. J\u2019ai pleur\u00e9, oui, \u00e0 chaudes larmes, pour les moments perdus, pour les mots qui n\u2019avaient jamais \u00e9t\u00e9 prononc\u00e9s.<\/p>\n<p>Mais j\u2019ai aussi senti une paix nouvelle s\u2019installer en moi. Ce vide entre nous n&#8217;\u00e9tait pas un manque d&#8217;amour, mais une incapacit\u00e9 \u00e0 le montrer. Et cette v\u00e9rit\u00e9 incarn\u00e9e dans ces pages m\u2019a permis de pardonner, autant \u00e0 lui qu&#8217;\u00e0 moi-m\u00eame.<\/p>\n<p>Aujourd&#8217;hui, je per\u00e7ois le monde et les gens avec plus de bienveillance. J&#8217;ai appris \u00e0 exprimer mes \u00e9motions, \u00e0 ne pas laisser les doutes me consumer en silence. La d\u00e9couverte de ce carnet a \u00e9t\u00e9 une b\u00e9n\u00e9diction inattendue, un chemin vers la r\u00e9conciliation avec mon pass\u00e9.<\/p>\n<p>Alors, si vous avez des affaires de famille \u00e0 explorer, je vous encourage \u00e0 le faire. Derri\u00e8re les objets anodins se cachent parfois des v\u00e9rit\u00e9s qui peuvent changer la vie.<\/p>\n<p>Merci de m&#8217;avoir lu.<\/p>\n<p>&#8211; Paul<\/p>\n","protected":false},"excerpt":{"rendered":"<p>Salut tout le monde, C&#8217;est avec beaucoup d&#8217;h\u00e9sitation que je me lance dans cet exercice aujourd&#8217;hui. Je me suis jur\u00e9 de ne jamais laisser mes \u00e9motions s&#8217;\u00e9taler en public, mais parfois, il faut oser pour ne pas imploser. Voil\u00e0, je vais vous raconter une histoire, celle de la d\u00e9couverte d\u2019une v\u00e9rit\u00e9 qui a chang\u00e9 ma &#8230; <a title=\"Les \u00c9chos du Papier Jauni\" class=\"read-more\" href=\"https:\/\/medialur.com\/?p=84249\" aria-label=\"Read more about Les \u00c9chos du Papier Jauni\">Read more<\/a><\/p>\n","protected":false},"author":15,"featured_media":84250,"comment_status":"","ping_status":"","sticky":false,"template":"","format":"standard","meta":{"footnotes":""},"categories":[1],"tags":[],"class_list":["post-84249","post","type-post","status-publish","format-standard","has-post-thumbnail","hentry","category-uncategorized"],"views":169,"_links":{"self":[{"href":"https:\/\/medialur.com\/index.php?rest_route=\/wp\/v2\/posts\/84249","targetHints":{"allow":["GET"]}}],"collection":[{"href":"https:\/\/medialur.com\/index.php?rest_route=\/wp\/v2\/posts"}],"about":[{"href":"https:\/\/medialur.com\/index.php?rest_route=\/wp\/v2\/types\/post"}],"author":[{"embeddable":true,"href":"https:\/\/medialur.com\/index.php?rest_route=\/wp\/v2\/users\/15"}],"replies":[{"embeddable":true,"href":"https:\/\/medialur.com\/index.php?rest_route=%2Fwp%2Fv2%2Fcomments&post=84249"}],"version-history":[{"count":0,"href":"https:\/\/medialur.com\/index.php?rest_route=\/wp\/v2\/posts\/84249\/revisions"}],"wp:featuredmedia":[{"embeddable":true,"href":"https:\/\/medialur.com\/index.php?rest_route=\/wp\/v2\/media\/84250"}],"wp:attachment":[{"href":"https:\/\/medialur.com\/index.php?rest_route=%2Fwp%2Fv2%2Fmedia&parent=84249"}],"wp:term":[{"taxonomy":"category","embeddable":true,"href":"https:\/\/medialur.com\/index.php?rest_route=%2Fwp%2Fv2%2Fcategories&post=84249"},{"taxonomy":"post_tag","embeddable":true,"href":"https:\/\/medialur.com\/index.php?rest_route=%2Fwp%2Fv2%2Ftags&post=84249"}],"curies":[{"name":"wp","href":"https:\/\/api.w.org\/{rel}","templated":true}]}}