{"id":84231,"date":"2025-05-10T12:37:46","date_gmt":"2025-05-10T08:37:46","guid":{"rendered":"https:\/\/medialur.com\/lequilibre-silencieux\/"},"modified":"2025-05-10T12:37:46","modified_gmt":"2025-05-10T08:37:46","slug":"lequilibre-silencieux","status":"publish","type":"post","link":"https:\/\/medialur.com\/?p=84231","title":{"rendered":"L&#8217;\u00c9quilibre Silencieux"},"content":{"rendered":"<p>Jocelyn, un jeune adulte de vingt-trois ans, vivait dans une cit\u00e9 dynamique o\u00f9 les gratte-ciel c\u00f4toyaient les ruelles anciennes empreintes d&#8217;histoire. Chaque jour, en traversant les avenues bond\u00e9es de Paris pour se rendre \u00e0 son travail, Jocelyn sentait le poids invisible des attentes familiales s&#8217;alourdir sur ses \u00e9paules. Sa famille, originaire d\u2019un petit village du sud de la France, entretenait des valeurs traditionnelles o\u00f9 l&#8217;unit\u00e9 et les sacrifices personnels pr\u00e9valaient souvent sur les aspirations individuelles.<\/p>\n<p>Jocelyn avait toujours \u00e9t\u00e9 le fils mod\u00e8le. Contrairement \u00e0 beaucoup de ses amis, il \u00e9prouvait un respect profond pour ses a\u00een\u00e9s, nourri par les r\u00e9cits de son grand-p\u00e8re sur des g\u00e9n\u00e9rations d\u2019hommes et de femmes ayant consacr\u00e9 leur vie \u00e0 la terre et \u00e0 la famille. Cependant, dans les moments de solitude, une passion silencieuse pour la litt\u00e9rature et la photographie l\u2019appelait. Il r\u00eavait de voyages, de paysages inexplor\u00e9s, et de capturer la beaut\u00e9 du monde \u00e0 travers son objectif.<\/p>\n<p>Sa m\u00e8re, Claire, souhaitait qu&#8217;il devienne avocat, voyant en cette carri\u00e8re non seulement du prestige mais aussi une s\u00e9curit\u00e9 financi\u00e8re qui pourrait aussi profiter \u00e0 la famille. Les discussions autour de la future profession de Jocelyn, quoique courtoises, restaient superficielles et teint\u00e9es d\u2019une incompr\u00e9hension mutuelle. Chacune de ses tentatives d&#8217;\u00e9voquer sa passion pour la photographie \u00e9tait accueillie par un sourire indulgent, parfois un soupir discret.<\/p>\n<p>Jocelyn \u00e9tait pris dans un \u00e9tau \u2013 la peur de d\u00e9cevoir sa m\u00e8re contre la crainte de passer \u00e0 c\u00f4t\u00e9 de sa propre vie. Les soir\u00e9es \u00e9taient les moments les plus difficiles. Sous les lumi\u00e8res tamis\u00e9es de son petit appartement parisien, il s&#8217;asseyait dans le silence, ses pens\u00e9es tourbillonnantes formant une temp\u00eate int\u00e9rieure. Parfois, il regardait en direction des rues anim\u00e9es, envieux de ceux qui semblaient vivre authentiquement.<\/p>\n<p>Un soir, apr\u00e8s une journ\u00e9e particuli\u00e8rement \u00e9prouvante au bureau d\u2019un cabinet d\u2019avocats o\u00f9 il effectuait un stage, Jocelyn sortit son vieil appareil photo. Il caressa doucement l\u2019objectif us\u00e9 comme s\u2019il s\u2019agissait d\u2019un ami perdu depuis longtemps. Il s\u2019\u00e9chappa, marchant des heures dans les rues de Montmartre, photographiant tout ce qui attirait son \u0153il : un chat assoupi sur un toit, le sourire d\u2019un vieil homme jouant de l\u2019accord\u00e9on, la lumi\u00e8re douce s\u2019infiltrant \u00e0 travers les branches d\u2019un arbre centenaire.<\/p>\n<p>C\u2019est \u00e0 ce moment-l\u00e0, regardant l\u2019image d\u2019un ciel parisien flamboyant qu&#8217;il venait de capturer, que Jocelyn comprit quelque chose de fondamental. La photographie n\u2019\u00e9tait pas simplement un passe-temps, c\u2019\u00e9tait sa voix, sa fa\u00e7on de communiquer avec le monde et d\u2019y laisser une trace. Il ressentit une clart\u00e9 qu\u2019il n\u2019avait jamais \u00e9prouv\u00e9e auparavant. \u00c0 cet instant, il comprit qu\u2019il devait se battre pour sa v\u00e9rit\u00e9.<\/p>\n<p>Le lendemain, Jocelyn se rendit chez ses parents pour le d\u00e9jeuner du dimanche, une tradition sacr\u00e9e qui lui avait toujours apport\u00e9 un r\u00e9confort m\u00eal\u00e9 d&#8217;appr\u00e9hension. L&#8217;atmosph\u00e8re \u00e9tait chaleureuse, mais Jocelyn sentait la nervosit\u00e9 s&#8217;insinuer en lui. Apr\u00e8s le repas, il invita sa m\u00e8re \u00e0 le rejoindre dans le jardin, sous le vieux cerisier o\u00f9 il avait souvent jou\u00e9 enfant.<\/p>\n<p>&#8220;Maman,&#8221; commen\u00e7a-t-il d&#8217;une voix douce mais d\u00e9cid\u00e9e, &#8220;j&#8217;ai besoin de te parler de mon avenir.&#8221; Claire le regarda en silence, une ombre d\u2019inqui\u00e9tude voilant ses yeux. &#8220;Je sais que vous avez beaucoup sacrifi\u00e9 pour moi, et je n\u2019oublierai jamais \u00e7a. Mais je veux \u00eatre photographe. C\u2019est ce que je suis vraiment, c\u2019est ce qui me rend vivant. Je ne veux pas passer ma vie \u00e0 faire quelque chose qui n\u2019est pas moi.&#8221;<\/p>\n<p>Claire resta silencieuse quelques instants. Puis, dans un souffle, elle murmura, &#8220;Je veux juste que tu sois heureux, Jocelyn.&#8221; Pour la premi\u00e8re fois, ils partag\u00e8rent un regard o\u00f9 la compr\u00e9hension brilla doucement, une promesse silencieuse de respect et de soutien.<\/p>\n<p>Ce jour-l\u00e0, la perception de Jocelyn changea. Il r\u00e9alisa qu\u2019il pouvait honorer les sacrifices de sa famille tout en poursuivant sa propre voie. La tension int\u00e9rieure qui l\u2019avait accompagn\u00e9 si longtemps commen\u00e7ait \u00e0 se dissoudre, remplac\u00e9e par une r\u00e9solution tranquille. Il comprit que parfois, le courage de suivre son propre chemin ne se manifeste pas par des actes flamboyants, mais par la capacit\u00e9 \u00e0 demeurer fid\u00e8le \u00e0 soi-m\u00eame, m\u00eame si cela implique d\u2019affronter les attentes des \u00eatres chers.<\/p>\n<p>Jocelyn se lan\u00e7a dans une carri\u00e8re de photographe, capturant les instants de la vie avec une sensibilit\u00e9 qui touchait les c\u0153urs. Il savait que chaque photo \u00e9tait un hommage \u00e0 ceux qui l\u2019avaient pr\u00e9c\u00e9d\u00e9, et qu\u2019en vivant sa v\u00e9rit\u00e9, il apportait une nouvelle forme de lumi\u00e8re dans l\u2019h\u00e9ritage familial.<\/p>\n","protected":false},"excerpt":{"rendered":"<p>Jocelyn, un jeune adulte de vingt-trois ans, vivait dans une cit\u00e9 dynamique o\u00f9 les gratte-ciel c\u00f4toyaient les ruelles anciennes empreintes d&#8217;histoire. Chaque jour, en traversant les avenues bond\u00e9es de Paris pour se rendre \u00e0 son travail, Jocelyn sentait le poids invisible des attentes familiales s&#8217;alourdir sur ses \u00e9paules. Sa famille, originaire d\u2019un petit village du &#8230; <a title=\"L&#8217;\u00c9quilibre Silencieux\" class=\"read-more\" href=\"https:\/\/medialur.com\/?p=84231\" aria-label=\"Read more about L&#8217;\u00c9quilibre Silencieux\">Read more<\/a><\/p>\n","protected":false},"author":15,"featured_media":84232,"comment_status":"","ping_status":"","sticky":false,"template":"","format":"standard","meta":{"footnotes":""},"categories":[1],"tags":[],"class_list":["post-84231","post","type-post","status-publish","format-standard","has-post-thumbnail","hentry","category-uncategorized"],"views":173,"_links":{"self":[{"href":"https:\/\/medialur.com\/index.php?rest_route=\/wp\/v2\/posts\/84231","targetHints":{"allow":["GET"]}}],"collection":[{"href":"https:\/\/medialur.com\/index.php?rest_route=\/wp\/v2\/posts"}],"about":[{"href":"https:\/\/medialur.com\/index.php?rest_route=\/wp\/v2\/types\/post"}],"author":[{"embeddable":true,"href":"https:\/\/medialur.com\/index.php?rest_route=\/wp\/v2\/users\/15"}],"replies":[{"embeddable":true,"href":"https:\/\/medialur.com\/index.php?rest_route=%2Fwp%2Fv2%2Fcomments&post=84231"}],"version-history":[{"count":0,"href":"https:\/\/medialur.com\/index.php?rest_route=\/wp\/v2\/posts\/84231\/revisions"}],"wp:featuredmedia":[{"embeddable":true,"href":"https:\/\/medialur.com\/index.php?rest_route=\/wp\/v2\/media\/84232"}],"wp:attachment":[{"href":"https:\/\/medialur.com\/index.php?rest_route=%2Fwp%2Fv2%2Fmedia&parent=84231"}],"wp:term":[{"taxonomy":"category","embeddable":true,"href":"https:\/\/medialur.com\/index.php?rest_route=%2Fwp%2Fv2%2Fcategories&post=84231"},{"taxonomy":"post_tag","embeddable":true,"href":"https:\/\/medialur.com\/index.php?rest_route=%2Fwp%2Fv2%2Ftags&post=84231"}],"curies":[{"name":"wp","href":"https:\/\/api.w.org\/{rel}","templated":true}]}}