{"id":84008,"date":"2025-05-09T16:38:33","date_gmt":"2025-05-09T12:38:33","guid":{"rendered":"https:\/\/medialur.com\/les-eclats-caches-de-la-verite\/"},"modified":"2025-05-09T16:38:33","modified_gmt":"2025-05-09T12:38:33","slug":"les-eclats-caches-de-la-verite","status":"publish","type":"post","link":"https:\/\/medialur.com\/?p=84008","title":{"rendered":"Les \u00c9clats Cach\u00e9s de la V\u00e9rit\u00e9"},"content":{"rendered":"<p>Je ne suis pas une personne qui partage habituellement sa vie intime sur les r\u00e9seaux sociaux. Mais aujourd&#8217;hui, je ressens le besoin de m&#8217;ouvrir, parce que ce que j&#8217;ai d\u00e9couvert a boulevers\u00e9 ma perception de moi-m\u00eame. C&#8217;est comme si un simple rayon de lumi\u00e8re avait travers\u00e9 des ann\u00e9es d&#8217;ombre, me r\u00e9v\u00e9lant enfin une v\u00e9rit\u00e9 que j&#8217;ai inconsciemment cach\u00e9e.<\/p>\n<p>Tout a commenc\u00e9 il y a quelques semaines alors que je triais des bo\u00eetes remplies de vieux souvenirs dans le grenier de mes parents. Ce sont des bo\u00eetes que je n&#8217;avais pas ouvertes depuis des ann\u00e9es, entass\u00e9es et couvertes de poussi\u00e8re. L\u00e0, parmi des dessins d&#8217;enfance, des lettres jaunies et des bibelots oubli\u00e9s, j&#8217;ai trouv\u00e9 un carnet \u00e0 la couverture bleue d\u00e9lav\u00e9e. Juste en le touchant, un frisson a parcouru ma colonne vert\u00e9brale, comme si je tenais plus qu&#8217;un simple ensemble de pages reli\u00e9es.<\/p>\n<p>En feuilletant le carnet, j&#8217;ai d\u00e9couvert des po\u00e8mes \u00e9crits par ma m\u00e8re. Jusqu&#8217;alors, je n&#8217;avais jamais su qu&#8217;elle \u00e9crivait. Ces po\u00e8mes, empreints d&#8217;une m\u00e9lancolie douce mais profonde, parlaient de r\u00eave, de perte, de d\u00e9sir de libert\u00e9. Je reconnaissais sa belle \u00e9criture, mais ce qui m&#8217;a le plus marqu\u00e9, c&#8217;\u00e9tait le ton de ses mots. Comme un cri silencieux qu&#8217;elle n&#8217;avait jamais laiss\u00e9 \u00e9chapper \u00e0 la lumi\u00e8re du jour.<\/p>\n<p>Parmi les pages, un po\u00e8me en particulier a retenu mon attention. Il \u00e9tait adress\u00e9 \u00e0 une personne nomm\u00e9e L. Je n&#8217;avais jamais entendu parler de L. dans les histoires de famille ou les r\u00e9cits qu&#8217;elle me racontait avant de m&#8217;endormir. Le po\u00e8me d\u00e9gageait une intensit\u00e9 \u00e9motionnelle qui m&#8217;\u00e9tait inconnue chez elle. C&#8217;\u00e9tait un amour profond, presque d\u00e9sesp\u00e9r\u00e9, qui tranchait avec l&#8217;image de m\u00e8re aimante mais r\u00e9serv\u00e9e qu&#8217;elle montrait au quotidien.<\/p>\n<p>J&#8217;ai commenc\u00e9 \u00e0 me demander qui pouvait bien \u00eatre L. Quel r\u00f4le cette personne avait-elle jou\u00e9 dans la vie de ma m\u00e8re ? Pourquoi ce secret avait-il \u00e9t\u00e9 gard\u00e9, m\u00eame des ann\u00e9es apr\u00e8s sa mort ?<\/p>\n<p>J&#8217;ai partag\u00e9 cet \u00e9trange sentiment de d\u00e9couverte avec mon p\u00e8re, esp\u00e9rant qu&#8217;il pourrait \u00e9clairer ce myst\u00e8re. Mais son visage s&#8217;est ferm\u00e9 quand j&#8217;ai mentionn\u00e9 le po\u00e8me. &#8220;L \u00e9tait sa premi\u00e8re grande histoire avant nous&#8221;, a-t-il murmur\u00e9, visiblement touch\u00e9.<\/p>\n<p>J&#8217;\u00e9tais abasourdie. Comment pouvais-je ignorer une partie si importante de l&#8217;histoire de ma m\u00e8re ? Cela m&#8217;a fait r\u00e9fl\u00e9chir sur la fa\u00e7on dont nous ne connaissons jamais enti\u00e8rement les gens que nous aimons. Les vies qu&#8217;ils ont v\u00e9cues avant nous, les r\u00eaves qu&#8217;ils ont d\u00fb abandonner ou les amours qu&#8217;ils ont d\u00fb laisser derri\u00e8re eux.<\/p>\n<p>Mais cela m&#8217;a aussi inspir\u00e9e. J&#8217;ai r\u00e9alis\u00e9 que ces po\u00e8mes \u00e9taient plus qu&#8217;une simple confession ; ils \u00e9taient une fen\u00eatre sur l&#8217;\u00e2me de ma m\u00e8re, un aspect de sa vie qu&#8217;elle n&#8217;avait jamais voulu ou pu partager. Ces mots qui avaient \u00e9t\u00e9 enferm\u00e9s dans un carnet, conserv\u00e9s dans un grenier poussi\u00e9reux, \u00e9taient comme un pont entre nous, m\u00eame apr\u00e8s son d\u00e9part.<\/p>\n<p>Depuis, je me suis mise \u00e0 \u00e9crire aussi. Peut-\u00eatre pas des po\u00e8mes, mais des mots qui expriment mes \u00e9motions, mes pens\u00e9es les plus profondes. C&#8217;est devenu une mani\u00e8re pour moi de me connecter avec elle, de comprendre qu&#8217;elle \u00e9tait une femme avant d&#8217;\u00eatre ma m\u00e8re, une femme avec ses propres combats et ses propres histoires d&#8217;amour.<\/p>\n<p>En \u00e9crivant ce post, je ne cherche pas forc\u00e9ment des r\u00e9ponses. Je voulais juste partager cette d\u00e9couverte, car elle a chang\u00e9 ma fa\u00e7on de voir le monde et ceux qui m&#8217;entourent. Merci de m&#8217;avoir lue.<\/p>\n","protected":false},"excerpt":{"rendered":"<p>Je ne suis pas une personne qui partage habituellement sa vie intime sur les r\u00e9seaux sociaux. Mais aujourd&#8217;hui, je ressens le besoin de m&#8217;ouvrir, parce que ce que j&#8217;ai d\u00e9couvert a boulevers\u00e9 ma perception de moi-m\u00eame. C&#8217;est comme si un simple rayon de lumi\u00e8re avait travers\u00e9 des ann\u00e9es d&#8217;ombre, me r\u00e9v\u00e9lant enfin une v\u00e9rit\u00e9 que &#8230; <a title=\"Les \u00c9clats Cach\u00e9s de la V\u00e9rit\u00e9\" class=\"read-more\" href=\"https:\/\/medialur.com\/?p=84008\" aria-label=\"Read more about Les \u00c9clats Cach\u00e9s de la V\u00e9rit\u00e9\">Read more<\/a><\/p>\n","protected":false},"author":13,"featured_media":84009,"comment_status":"","ping_status":"","sticky":false,"template":"","format":"standard","meta":{"footnotes":""},"categories":[1],"tags":[],"class_list":["post-84008","post","type-post","status-publish","format-standard","has-post-thumbnail","hentry","category-uncategorized"],"views":166,"_links":{"self":[{"href":"https:\/\/medialur.com\/index.php?rest_route=\/wp\/v2\/posts\/84008","targetHints":{"allow":["GET"]}}],"collection":[{"href":"https:\/\/medialur.com\/index.php?rest_route=\/wp\/v2\/posts"}],"about":[{"href":"https:\/\/medialur.com\/index.php?rest_route=\/wp\/v2\/types\/post"}],"author":[{"embeddable":true,"href":"https:\/\/medialur.com\/index.php?rest_route=\/wp\/v2\/users\/13"}],"replies":[{"embeddable":true,"href":"https:\/\/medialur.com\/index.php?rest_route=%2Fwp%2Fv2%2Fcomments&post=84008"}],"version-history":[{"count":0,"href":"https:\/\/medialur.com\/index.php?rest_route=\/wp\/v2\/posts\/84008\/revisions"}],"wp:featuredmedia":[{"embeddable":true,"href":"https:\/\/medialur.com\/index.php?rest_route=\/wp\/v2\/media\/84009"}],"wp:attachment":[{"href":"https:\/\/medialur.com\/index.php?rest_route=%2Fwp%2Fv2%2Fmedia&parent=84008"}],"wp:term":[{"taxonomy":"category","embeddable":true,"href":"https:\/\/medialur.com\/index.php?rest_route=%2Fwp%2Fv2%2Fcategories&post=84008"},{"taxonomy":"post_tag","embeddable":true,"href":"https:\/\/medialur.com\/index.php?rest_route=%2Fwp%2Fv2%2Ftags&post=84008"}],"curies":[{"name":"wp","href":"https:\/\/api.w.org\/{rel}","templated":true}]}}