{"id":84000,"date":"2025-05-09T16:00:45","date_gmt":"2025-05-09T12:00:45","guid":{"rendered":"https:\/\/medialur.com\/la-rencontre-inattendue\/"},"modified":"2025-05-09T16:00:45","modified_gmt":"2025-05-09T12:00:45","slug":"la-rencontre-inattendue","status":"publish","type":"post","link":"https:\/\/medialur.com\/?p=84000","title":{"rendered":"La Rencontre Inattendue"},"content":{"rendered":"<p>Dans une petite ville, nich\u00e9e entre collines verdoyantes et rivi\u00e8res sinueuses, Claire s&#8217;\u00e9tait install\u00e9e, trouvant l\u00e0 un calme r\u00e9confortant apr\u00e8s des ann\u00e9es de tumulte urbain. Ce matin-l\u00e0, elle s&#8217;interrompit dans sa routine quotidienne lorsqu&#8217;elle aper\u00e7ut une affiche sur le panneau d&#8217;affichage de la place du village. Une exposition de photos, organis\u00e9e par un nom qui fit remonter des souvenirs enfouis depuis longtemps : Jean Dufour.<\/p>\n<p>Claire et Jean avaient autrefois partag\u00e9 une passion pour la photographie, parcourant les sentiers escarp\u00e9s de la jeunesse, capturant des instants de vie avec une candeur et un enthousiasme propres \u00e0 leur \u00e2ge. Mais la vie, avec ses m\u00e9andres impr\u00e9vus, les avait s\u00e9par\u00e9s. Claire avait pris un chemin et lui, un autre, jusqu&#8217;\u00e0 ce que le temps dissipe leur amiti\u00e9 dans un silence d&#8217;une vingtaine d&#8217;ann\u00e9es.<\/p>\n<p>Piqu\u00e9e par la curiosit\u00e9 et une pointe de nostalgie, elle d\u00e9cida de se rendre \u00e0 cette exposition. La galerie \u00e9tait petite, mais accueillante, baign\u00e9e d&#8217;une lumi\u00e8re douce filtrant \u00e0 travers les grandes fen\u00eatres. Des photographies en noir et blanc ornaient les murs, chacune racontant une histoire diff\u00e9rente. Claire marchait lentement, absorb\u00e9e par ces fragments de vie fig\u00e9e, avant de finalement rencontrer un visage familier.<\/p>\n<p>Jean \u00e9tait l\u00e0, son apparence un peu chang\u00e9e par le temps, mais son regard toujours aussi vif et per\u00e7ant. Il \u00e9tait pench\u00e9 sur une photo, ajustant l\u00e9g\u00e8rement le cadre. Lorsqu&#8217;il leva les yeux, leurs regards se crois\u00e8rent, et un silence tangible s&#8217;installa.<\/p>\n<p>\u00ab Claire ? \u00bb dit-il, une h\u00e9sitation dans la voix, m\u00eal\u00e9e \u00e0 une surprise \u00e9vidente.<\/p>\n<p>Elle sourit, une chaleur ancienne se ravivant en elle. \u00ab Oui, c&#8217;est moi. \u00c7a fait longtemps, Jean. \u00bb<\/p>\n<p>Ils \u00e9chang\u00e8rent quelques banalit\u00e9s, naviguant maladroitement entre le pass\u00e9 et le pr\u00e9sent. Leurs mots \u00e9taient pr\u00e9cautionneux, comme s&#8217;ils craignaient de r\u00e9veiller d&#8217;anciennes blessures ou de perturber une paix fragile.<\/p>\n<p>Leurs discussions les emmen\u00e8rent hors de la galerie, dans un caf\u00e9 voisin. Alors qu&#8217;ils sirotaient leurs boissons, le poids des ann\u00e9es pass\u00e9es sans contact commen\u00e7ait \u00e0 se dissiper. Ils \u00e9voqu\u00e8rent leurs souvenirs communs, riant parfois de leurs folies d&#8217;antan.<\/p>\n<p>La conversation prit un tournant plus s\u00e9rieux lorsque Jean aborda la raison de leur distanciation. Il parla de choix difficiles, de moments o\u00f9 la vie semble \u00e9chapper \u00e0 notre contr\u00f4le. Claire, touch\u00e9e par sa sinc\u00e9rit\u00e9, partagea \u00e0 son tour ses propres luttes, les regrets et les r\u00eaves inaboutis.<\/p>\n<p>Ce fut dans cet \u00e9change d&#8217;honn\u00eatet\u00e9 que se trouvait le c\u0153ur de leur r\u00e9conciliation tacite. Ils n&#8217;avaient pas besoin de s&#8217;excuser, car le simple fait d&#8217;\u00eatre l\u00e0, l&#8217;un en face de l&#8217;autre, suffisait \u00e0 combler l&#8217;absence des ann\u00e9es.<\/p>\n<p>La soir\u00e9e avan\u00e7ait, et le caf\u00e9 se vidait peu \u00e0 peu. En sortant, une brise fra\u00eeche les enveloppa, et ils s&#8217;arr\u00eat\u00e8rent devant une vieille fontaine de pierre, t\u00e9moin muet de leur complicit\u00e9 retrouv\u00e9e.<\/p>\n<p>\u00ab Je suis content que tu sois venue, \u00bb dit Jean, ses yeux refl\u00e9tant une gravit\u00e9 apais\u00e9e.<\/p>\n<p>Claire r\u00e9pondit par un sourire, une r\u00e9ponse silencieuse mais \u00e9loquente. Ils se quitt\u00e8rent avec la promesse, non verbale, de ne pas laisser une autre d\u00e9cennie les s\u00e9parer.<\/p>\n<p>En rentrant chez elle, Claire sentit que quelque chose en elle avait chang\u00e9, un apaisement subtil, comme si une pi\u00e8ce perdue de sa vie avait retrouv\u00e9 sa place.<\/p>\n","protected":false},"excerpt":{"rendered":"<p>Dans une petite ville, nich\u00e9e entre collines verdoyantes et rivi\u00e8res sinueuses, Claire s&#8217;\u00e9tait install\u00e9e, trouvant l\u00e0 un calme r\u00e9confortant apr\u00e8s des ann\u00e9es de tumulte urbain. Ce matin-l\u00e0, elle s&#8217;interrompit dans sa routine quotidienne lorsqu&#8217;elle aper\u00e7ut une affiche sur le panneau d&#8217;affichage de la place du village. Une exposition de photos, organis\u00e9e par un nom qui &#8230; <a title=\"La Rencontre Inattendue\" class=\"read-more\" href=\"https:\/\/medialur.com\/?p=84000\" aria-label=\"Read more about La Rencontre Inattendue\">Read more<\/a><\/p>\n","protected":false},"author":12,"featured_media":84001,"comment_status":"","ping_status":"","sticky":false,"template":"","format":"standard","meta":{"footnotes":""},"categories":[1],"tags":[],"class_list":["post-84000","post","type-post","status-publish","format-standard","has-post-thumbnail","hentry","category-uncategorized"],"views":171,"_links":{"self":[{"href":"https:\/\/medialur.com\/index.php?rest_route=\/wp\/v2\/posts\/84000","targetHints":{"allow":["GET"]}}],"collection":[{"href":"https:\/\/medialur.com\/index.php?rest_route=\/wp\/v2\/posts"}],"about":[{"href":"https:\/\/medialur.com\/index.php?rest_route=\/wp\/v2\/types\/post"}],"author":[{"embeddable":true,"href":"https:\/\/medialur.com\/index.php?rest_route=\/wp\/v2\/users\/12"}],"replies":[{"embeddable":true,"href":"https:\/\/medialur.com\/index.php?rest_route=%2Fwp%2Fv2%2Fcomments&post=84000"}],"version-history":[{"count":0,"href":"https:\/\/medialur.com\/index.php?rest_route=\/wp\/v2\/posts\/84000\/revisions"}],"wp:featuredmedia":[{"embeddable":true,"href":"https:\/\/medialur.com\/index.php?rest_route=\/wp\/v2\/media\/84001"}],"wp:attachment":[{"href":"https:\/\/medialur.com\/index.php?rest_route=%2Fwp%2Fv2%2Fmedia&parent=84000"}],"wp:term":[{"taxonomy":"category","embeddable":true,"href":"https:\/\/medialur.com\/index.php?rest_route=%2Fwp%2Fv2%2Fcategories&post=84000"},{"taxonomy":"post_tag","embeddable":true,"href":"https:\/\/medialur.com\/index.php?rest_route=%2Fwp%2Fv2%2Ftags&post=84000"}],"curies":[{"name":"wp","href":"https:\/\/api.w.org\/{rel}","templated":true}]}}