{"id":83810,"date":"2025-05-08T22:38:15","date_gmt":"2025-05-08T18:38:15","guid":{"rendered":"https:\/\/medialur.com\/les-fragments-caches-du-temps\/"},"modified":"2025-05-08T22:38:15","modified_gmt":"2025-05-08T18:38:15","slug":"les-fragments-caches-du-temps","status":"publish","type":"post","link":"https:\/\/medialur.com\/?p=83810","title":{"rendered":"Les Fragments Cach\u00e9s du Temps"},"content":{"rendered":"<p>Je n&#8217;ai jamais \u00e9t\u00e9 quelqu&#8217;un qui partage ses pens\u00e9es intimes sur les r\u00e9seaux sociaux, mais aujourd&#8217;hui, je ressens ce besoin irr\u00e9pressible de r\u00e9v\u00e9ler un secret qui a pes\u00e9 sur mon c\u0153ur pendant trop longtemps.<\/p>\n<p>Tout a commenc\u00e9 il y a quelques semaines, alors que je nettoyais le grenier de la maison de mes parents. Apr\u00e8s leur d\u00e9c\u00e8s, la t\u00e2che de vider la maison m&#8217;a sembl\u00e9 \u00e9crasante, mais aussi n\u00e9cessaire. Dans un coin poussi\u00e9reux, cach\u00e9 sous des vieilles couvertures, j&#8217;ai trouv\u00e9 une petite bo\u00eete en bois. La bo\u00eete, us\u00e9e par le temps, avait appartenu \u00e0 ma m\u00e8re. Je me souviens vaguement que, lorsque j&#8217;\u00e9tais enfant, elle me disait que c&#8217;\u00e9tait l\u00e0 qu&#8217;elle gardait ses tr\u00e9sors.<\/p>\n<p>Ce jour-l\u00e0, assise sur le sol du grenier, j&#8217;ai ouvert la bo\u00eete. \u00c0 l&#8217;int\u00e9rieur se trouvaient des lettres jaunies, des photos en noir et blanc, et un collier avec un pendentif en forme de c\u0153ur qui m&#8217;\u00e9tait familier. Mais ce qui a capt\u00e9 mon attention \u00e9tait une cl\u00e9 attach\u00e9e \u00e0 une \u00e9tiquette en papier. Sur l&#8217;\u00e9tiquette, ma m\u00e8re avait \u00e9crit : \u00ab Pour les jours de pluie \u00bb.<\/p>\n<p>Intrigu\u00e9e, j&#8217;ai cherch\u00e9 \u00e0 comprendre \u00e0 quoi cette cl\u00e9 pouvait bien servir. J&#8217;ai fouill\u00e9 la maison de fond en comble, essayant diff\u00e9rentes portes et placards. Finalement, je me suis dirig\u00e9e vers le d\u00e9barras sous l&#8217;escalier. Il y avait l\u00e0 une vieille malle que je n&#8217;avais jamais vue ouverte. Lorsque la cl\u00e9 a tourn\u00e9 dans la serrure avec un petit clic, mon c\u0153ur a fait un bond.<\/p>\n<p>\u00c0 l&#8217;int\u00e9rieur de la malle, j&#8217;ai d\u00e9couvert un journal. La couverture en cuir \u00e9tait us\u00e9e, mais les pages int\u00e9rieures \u00e9taient miraculeusement en bon \u00e9tat. C&#8217;\u00e9tait le journal de ma m\u00e8re, un t\u00e9moignage de toute une vie de pens\u00e9es, de r\u00e9flexions et de secrets qu&#8217;elle n&#8217;avait jamais partag\u00e9s avec personne.<\/p>\n<p>En lisant ces pages, j&#8217;ai d\u00e9couvert des facettes de ma m\u00e8re que je ne connaissais pas. Elle \u00e9crivait sur ses doutes, ses r\u00eaves sacrifi\u00e9s, et un amour inavou\u00e9 pour un homme qu&#8217;elle avait rencontr\u00e9 avant mon p\u00e8re. Je pouvais sentir sa douleur, ses regrets, mais aussi sa d\u00e9termination \u00e0 travers chaque mot. Elle avait aim\u00e9 mon p\u00e8re, mais son premier amour restait grav\u00e9 dans son c\u0153ur.<\/p>\n<p>Un passage m&#8217;a particuli\u00e8rement boulevers\u00e9e : \u00ab J&#8217;esp\u00e8re qu&#8217;un jour, ma fille comprendra que l&#8217;amour est complexe et qu&#8217;il est possible d&#8217;aimer deux personnes profond\u00e9ment mais diff\u00e9remment. \u00bb<\/p>\n<p>Ces mots m&#8217;ont frapp\u00e9e comme un \u00e9clair de v\u00e9rit\u00e9. Je me suis rendue compte que toute ma vie, j&#8217;avais enfoui une part de moi-m\u00eame par peur de ne pas \u00eatre comprise. J&#8217;avais toujours \u00e9t\u00e9 taraud\u00e9e par la culpabilit\u00e9 d&#8217;aimer deux personnes \u00e0 la fois \u2014 mon mari et un vieil ami de l&#8217;universit\u00e9. La d\u00e9couverte du secret de ma m\u00e8re a \u00e9t\u00e9 un miroir qui m&#8217;a permis de voir la v\u00e9rit\u00e9 de mes propres \u00e9motions.<\/p>\n<p>La lecture du journal a \u00e9t\u00e9 cathartique. J&#8217;ai senti une connexion profonde avec ma m\u00e8re, comme si elle avait tendu la main \u00e0 travers le temps pour me guider. Lentement, j&#8217;ai accept\u00e9 le fait que mes sentiments \u00e9taient valides, qu&#8217;aimer \u00e9tait un acte de courage et non de trahison.<\/p>\n<p>La cl\u00e9 de cette malle n&#8217;\u00e9tait pas seulement un objet physique ; elle a ouvert mon c\u0153ur \u00e0 une compr\u00e9hension plus vaste de l&#8217;amour et de l&#8217;acceptation de soi. J&#8217;ai appris \u00e0 embrasser mes propres v\u00e9rit\u00e9s, \u00e0 me pardonner, et \u00e0 appr\u00e9cier la richesse des \u00e9motions humaines, m\u00eame celles qui ne sont pas toujours expliqu\u00e9es.<\/p>\n<p>Aujourd&#8217;hui, en \u00e9crivant ces mots, je sens que je me r\u00e9concilie avec moi-m\u00eame et avec l&#8217;histoire de ma m\u00e8re. Cela me lib\u00e8re d&#8217;un poids que je portais inconsciemment, et me donne la force de vivre de mani\u00e8re plus authentique.<\/p>\n<p>\u00c0 vous qui lisez ces lignes, sachez que les v\u00e9rit\u00e9s cach\u00e9es dans notre c\u0153ur ne doivent pas nous encha\u00eener. Elles peuvent \u00eatre les cl\u00e9s qui nous lib\u00e8rent si nous avons le courage de les affronter.<\/p>\n","protected":false},"excerpt":{"rendered":"<p>Je n&#8217;ai jamais \u00e9t\u00e9 quelqu&#8217;un qui partage ses pens\u00e9es intimes sur les r\u00e9seaux sociaux, mais aujourd&#8217;hui, je ressens ce besoin irr\u00e9pressible de r\u00e9v\u00e9ler un secret qui a pes\u00e9 sur mon c\u0153ur pendant trop longtemps. Tout a commenc\u00e9 il y a quelques semaines, alors que je nettoyais le grenier de la maison de mes parents. Apr\u00e8s &#8230; <a title=\"Les Fragments Cach\u00e9s du Temps\" class=\"read-more\" href=\"https:\/\/medialur.com\/?p=83810\" aria-label=\"Read more about Les Fragments Cach\u00e9s du Temps\">Read more<\/a><\/p>\n","protected":false},"author":10,"featured_media":83812,"comment_status":"","ping_status":"","sticky":false,"template":"","format":"standard","meta":{"footnotes":""},"categories":[1],"tags":[],"class_list":["post-83810","post","type-post","status-publish","format-standard","has-post-thumbnail","hentry","category-uncategorized"],"views":195,"_links":{"self":[{"href":"https:\/\/medialur.com\/index.php?rest_route=\/wp\/v2\/posts\/83810","targetHints":{"allow":["GET"]}}],"collection":[{"href":"https:\/\/medialur.com\/index.php?rest_route=\/wp\/v2\/posts"}],"about":[{"href":"https:\/\/medialur.com\/index.php?rest_route=\/wp\/v2\/types\/post"}],"author":[{"embeddable":true,"href":"https:\/\/medialur.com\/index.php?rest_route=\/wp\/v2\/users\/10"}],"replies":[{"embeddable":true,"href":"https:\/\/medialur.com\/index.php?rest_route=%2Fwp%2Fv2%2Fcomments&post=83810"}],"version-history":[{"count":0,"href":"https:\/\/medialur.com\/index.php?rest_route=\/wp\/v2\/posts\/83810\/revisions"}],"wp:featuredmedia":[{"embeddable":true,"href":"https:\/\/medialur.com\/index.php?rest_route=\/wp\/v2\/media\/83812"}],"wp:attachment":[{"href":"https:\/\/medialur.com\/index.php?rest_route=%2Fwp%2Fv2%2Fmedia&parent=83810"}],"wp:term":[{"taxonomy":"category","embeddable":true,"href":"https:\/\/medialur.com\/index.php?rest_route=%2Fwp%2Fv2%2Fcategories&post=83810"},{"taxonomy":"post_tag","embeddable":true,"href":"https:\/\/medialur.com\/index.php?rest_route=%2Fwp%2Fv2%2Ftags&post=83810"}],"curies":[{"name":"wp","href":"https:\/\/api.w.org\/{rel}","templated":true}]}}