{"id":80334,"date":"2022-10-25T13:02:13","date_gmt":"2022-10-25T09:02:13","guid":{"rendered":"https:\/\/medialur.com\/?p=80334"},"modified":"2022-10-25T13:02:13","modified_gmt":"2022-10-25T09:02:13","slug":"dans-les-rues-de-la-ville-les-passants-ont-vu-un-chat-de-couleur-verdatre-quelle-est-la-raison-de-cette-nuance-de-son-pelage","status":"publish","type":"post","link":"https:\/\/medialur.com\/?p=80334","title":{"rendered":"Dans les rues de la ville, les passants ont vu un chat de couleur verd\u00e2tre &#8211; quelle est la raison de cette nuance de son pelage?"},"content":{"rendered":"<p>Une histoire plut\u00f4t dr\u00f4le s\u2019est produite dans la station baln\u00e9aire bulgare de Varna en 2017. Le chat d\u2019une couleur verte inhabituelle a surpris des centaines de personnes, \u00e0 la fois des r\u00e9sidents de la ville et des touristes. Eh bien, la promotion dans les r\u00e9seaux sociaux a fait du ronronnement un h\u00e9ros de ces ann\u00e9es et il a re\u00e7u le surnom de \u00ab Green Cat Varna \u00bb.<\/p>\n<p>Tout a commenc\u00e9 avec le fait qu\u2019un beau jour, un chat vert est apparu dans les rues de la ville. L\u2019animal \u00e9tait bien soign\u00e9, vous pouvez voir qu\u2019il \u00e9tait domestique et engraiss\u00e9, et il n\u2019y avait rien d\u2019inhabituel dedans, \u00e0 l\u2019exception de cette couleur \u00e9trange. L\u2019apparition d\u2019un animal de compagnie vert dans les rues de Varna a fait sensation, les gens ont cherch\u00e9 \u00e0 prendre des photos avec un chat.<\/p>\n<p><img fetchpriority=\"high\" decoding=\"async\" class=\"alignnone size-full wp-image-80381\" src=\"https:\/\/medialur.com\/wp-content\/uploads\/2022\/10\/imgpreview-2022-10-25T130011.176.jpg\" alt=\"\" width=\"630\" height=\"350\" srcset=\"https:\/\/medialur.com\/wp-content\/uploads\/2022\/10\/imgpreview-2022-10-25T130011.176.jpg 630w, https:\/\/medialur.com\/wp-content\/uploads\/2022\/10\/imgpreview-2022-10-25T130011.176-600x333.jpg 600w\" sizes=\"(max-width: 630px) 100vw, 630px\" \/><\/p>\n<p>Bien s\u00fbr, les gens ordinaires ont imm\u00e9diatement commenc\u00e9 \u00e0 sp\u00e9culer sur ce qui est arriv\u00e9 \u00e0 l\u2019animal. Les gens, comme d\u2019habitude, ont propos\u00e9 des dizaines de versions: du fait que des d\u00e9chets radioactifs ont \u00e9t\u00e9 vers\u00e9s quelque part et que le chat a subi une mutation, aux versions selon lesquelles il a \u00e9t\u00e9 asperg\u00e9 de vert par des mangeurs vivants. De plus, la branche locale des \u00ab verts \u00bb, qui lutte pour les droits des animaux, a imm\u00e9diatement cr\u00e9\u00e9 des groupes dans les r\u00e9seaux sociaux en soutien au chat vert. Nous ne savons pas s\u2019ils ont collect\u00e9 des fonds pour le \u00ab traitement \u00bb et l\u2019\u00e9tude de l\u2019animal, mais aucun de ces activistes ne voulait comprendre les v\u00e9ritables raisons de ce ph\u00e9nom\u00e8ne avec une couleur.<\/p>\n<p><img decoding=\"async\" class=\"alignnone size-full wp-image-80380\" src=\"https:\/\/medialur.com\/wp-content\/uploads\/2022\/10\/imgpreview-2022-10-25T130015.154.jpg\" alt=\"\" width=\"604\" height=\"378\" srcset=\"https:\/\/medialur.com\/wp-content\/uploads\/2022\/10\/imgpreview-2022-10-25T130015.154.jpg 604w, https:\/\/medialur.com\/wp-content\/uploads\/2022\/10\/imgpreview-2022-10-25T130015.154-600x375.jpg 600w\" sizes=\"(max-width: 604px) 100vw, 604px\" \/><\/p>\n<p>La r\u00e9alit\u00e9, comme d\u2019habitude, s\u2019est av\u00e9r\u00e9e beaucoup plus prosa\u00efque &#8211; le chat se reposait dans un entrep\u00f4t avec de la peinture en poudre verte, alors \u00e7a lui collait. Tout cela a \u00e9t\u00e9 emport\u00e9 lors de la premi\u00e8re proc\u00e9dure de bain, qui attendait le chat \u00e0 la maison. Donc, rien de terrible, \u00e0 l\u2019exception du fait que le propri\u00e9taire a d\u00fb bricoler un peu avec son animal de compagnie, ne s\u2019est produit.<\/p>\n","protected":false},"excerpt":{"rendered":"<p>Une histoire plut\u00f4t dr\u00f4le s\u2019est produite dans la station baln\u00e9aire bulgare de Varna en 2017. Le chat d\u2019une couleur verte inhabituelle a surpris des centaines de personnes, \u00e0 la fois des r\u00e9sidents de la ville et des touristes. Eh bien, la promotion dans les r\u00e9seaux sociaux a fait du ronronnement un h\u00e9ros de ces ann\u00e9es &#8230; <a title=\"Dans les rues de la ville, les passants ont vu un chat de couleur verd\u00e2tre &#8211; quelle est la raison de cette nuance de son pelage?\" class=\"read-more\" href=\"https:\/\/medialur.com\/?p=80334\" aria-label=\"Read more about Dans les rues de la ville, les passants ont vu un chat de couleur verd\u00e2tre &#8211; quelle est la raison de cette nuance de son pelage?\">Read more<\/a><\/p>\n","protected":false},"author":1,"featured_media":80379,"comment_status":"closed","ping_status":"closed","sticky":false,"template":"","format":"standard","meta":{"footnotes":""},"categories":[663],"tags":[],"class_list":["post-80334","post","type-post","status-publish","format-standard","has-post-thumbnail","hentry","category-animals"],"views":552,"_links":{"self":[{"href":"https:\/\/medialur.com\/index.php?rest_route=\/wp\/v2\/posts\/80334","targetHints":{"allow":["GET"]}}],"collection":[{"href":"https:\/\/medialur.com\/index.php?rest_route=\/wp\/v2\/posts"}],"about":[{"href":"https:\/\/medialur.com\/index.php?rest_route=\/wp\/v2\/types\/post"}],"author":[{"embeddable":true,"href":"https:\/\/medialur.com\/index.php?rest_route=\/wp\/v2\/users\/1"}],"replies":[{"embeddable":true,"href":"https:\/\/medialur.com\/index.php?rest_route=%2Fwp%2Fv2%2Fcomments&post=80334"}],"version-history":[{"count":0,"href":"https:\/\/medialur.com\/index.php?rest_route=\/wp\/v2\/posts\/80334\/revisions"}],"wp:featuredmedia":[{"embeddable":true,"href":"https:\/\/medialur.com\/index.php?rest_route=\/wp\/v2\/media\/80379"}],"wp:attachment":[{"href":"https:\/\/medialur.com\/index.php?rest_route=%2Fwp%2Fv2%2Fmedia&parent=80334"}],"wp:term":[{"taxonomy":"category","embeddable":true,"href":"https:\/\/medialur.com\/index.php?rest_route=%2Fwp%2Fv2%2Fcategories&post=80334"},{"taxonomy":"post_tag","embeddable":true,"href":"https:\/\/medialur.com\/index.php?rest_route=%2Fwp%2Fv2%2Ftags&post=80334"}],"curies":[{"name":"wp","href":"https:\/\/api.w.org\/{rel}","templated":true}]}}